{"id":11167,"date":"2025-08-06T10:36:23","date_gmt":"2025-08-06T08:36:23","guid":{"rendered":"https:\/\/quadriz.com\/?p=11167"},"modified":"2025-09-17T12:38:59","modified_gmt":"2025-09-17T10:38:59","slug":"verra_corazon-verde-del-chaco_caso-de-estudio","status":"publish","type":"post","link":"https:\/\/quadriz.digitacomms.uk\/es\/verra_corazon-verde-del-chaco_caso-de-estudio\/","title":{"rendered":"REDD+ Coraz\u00f3n Verde del Chaco: Caso de estudio por VERRA"},"content":{"rendered":"\n<p><\/p>\n\n\n\n<p>Ser seleccionado como caso de estudio por <a href=\"https:\/\/verra.org\/\">VERRA <\/a>implica un reconocimiento de excelencia, demostrando que el proyecto es referente en sostenibilidad y un modelo replicable para la conservaci\u00f3n a escala internacional.<\/p>\n\n\n\n<div style=\"height:37px\" aria-hidden=\"true\" class=\"wp-block-spacer\"><\/div>\n\n\n\n<p class=\"has-text-align-center\"><strong>Caso de estudio completo por VERRA:<\/strong> <a href=\"https:\/\/verra.org\/case-studies\/paraguays-corazon-verde\/\">Protecting the Beating Green Heart of South America in Paraguay<\/a><\/p>\n\n\n\n<figure class=\"wp-block-embed is-type-video is-provider-youtube wp-block-embed-youtube wp-embed-aspect-16-9 wp-has-aspect-ratio\"><div class=\"wp-block-embed__wrapper\">\n<iframe loading=\"lazy\" title=\"REDD+ Coraz\u00f3n Verde del Chaco Project. A case study by Verra\" width=\"800\" height=\"450\" src=\"https:\/\/www.youtube.com\/embed\/4LhG-HWfoG4?feature=oembed\" frameborder=\"0\" allow=\"accelerometer; autoplay; clipboard-write; encrypted-media; gyroscope; picture-in-picture; web-share\" referrerpolicy=\"strict-origin-when-cross-origin\" allowfullscreen><\/iframe>\n<\/div><\/figure>\n\n\n\n<p><a href=\"https:\/\/verra.org\/case-studies\/paraguays-corazon-verde\/\" target=\"_blank\" rel=\"noreferrer noopener\"><\/a><\/p>\n\n\n\n<h2 class=\"wp-block-heading\">\u00bfPor qu\u00e9 este reconocimiento es relevante?<\/h2>\n\n\n\n<ul class=\"wp-block-list\">\n<li><strong>Validaci\u00f3n internacional:<\/strong>\u00a0La plataforma y las certificaciones de VERRA garantizan la integridad y la transparencia, facilitando que los compradores de cr\u00e9ditos de carbono tengan confianza en el impacto social y ambiental del proyecto.<\/li>\n\n\n\n<li><strong>Ejemplaridad:<\/strong>\u00a0Demuestra que la protecci\u00f3n de bosques y la generaci\u00f3n de beneficios para las comunidades es posible bajo m\u00e9tricas rigurosas y auditores independientes.<\/li>\n\n\n\n<li><strong>Visibilidad global:<\/strong>\u00a0Ser destacado por VERRA aumenta la visibilidad del Coraz\u00f3n Verde del Chaco, atrayendo nuevas inversiones y potencialmente inspirando la replicaci\u00f3n de este modelo en otros lugares vulnerables.<\/li>\n<\/ul>\n\n\n\n<h2 class=\"wp-block-heading\">Funci\u00f3n de Verra en la certificaci\u00f3n y los mercados de carbono<\/h2>\n\n\n\n<p>Verra es una organizaci\u00f3n sin fines de lucro que desarrolla y gestiona est\u00e1ndares globales para acci\u00f3n clim\u00e1tica y desarrollo sostenible. Destaca por el programa&nbsp;<strong>Verified Carbon Standard (VCS)<\/strong>, el m\u00e1s usado en el mundo para proyectos de cr\u00e9ditos de carbono, especialmente en proyectos REDD+.<a rel=\"noreferrer noopener\" target=\"_blank\" href=\"https:\/\/sustain-cert.com\/news\/what-are-verra-and-the-verified-carbon-standard\"><\/a><\/p>\n\n\n\n<ul class=\"wp-block-list\">\n<li><strong>Metodolog\u00edas robustas:<\/strong>\u00a0VERRA elabora metodolog\u00edas detalladas para medir y certificar impactos reales en clima y comunidades.<\/li>\n\n\n\n<li><strong>Auditor\u00eda independiente:<\/strong>\u00a0Para obtener la certificaci\u00f3n, proyectos como Coraz\u00f3n Verde del Chaco deben ser validados y verificados peri\u00f3dicamente por terceros, garantizando que los beneficios sean medibles y permanentes.<\/li>\n\n\n\n<li><strong>Emisi\u00f3n de cr\u00e9ditos:<\/strong>\u00a0Los proyectos certificados reciben\u00a0<strong>Unidades de Carbono Verificadas (VCU)<\/strong>, que pueden ser comercializadas para financiar su sostenibilidad y expansi\u00f3n.<\/li>\n<\/ul>\n\n\n\n<h2 class=\"wp-block-heading\">Por qu\u00e9 es importante el proyecto Coraz\u00f3n Verde del Chaco<\/h2>\n\n\n\n<ul class=\"wp-block-list\">\n<li>Protege m\u00e1s de 32,000 hect\u00e1reas de bosque chaque\u00f1o bajo amenaza directa de deforestaci\u00f3n, con meta de superar las 200,000 hect\u00e1reas protegidas.<a href=\"https:\/\/www.reddprojectsdatabase.org\/945-corazon-verde-del-chaco-project\/\" target=\"_blank\" rel=\"noreferrer noopener\"><\/a><\/li>\n\n\n\n<li>Promueve el desarrollo local, la protecci\u00f3n de la biodiversidad y la generaci\u00f3n de ingresos sostenibles para comunidades y propietarios.<\/li>\n\n\n\n<li>Evita emisiones masivas de CO\u2082, contribuyendo a los objetivos globales de mitigaci\u00f3n clim\u00e1tica.<\/li>\n<\/ul>\n\n\n\n<blockquote class=\"wp-block-quote is-layout-flow wp-block-quote-is-layout-flow\">\n<p>\u201cCon VERRA, revisamos el progreso y mejoramos a\u00f1o tras a\u00f1o. El monitoreo nos garantiza cumplir todos los criterios para la conservaci\u00f3n, biodiversidad y apoyo a las comunidades.\u201d<br>\u2014 Gabriela Vi\u00f1ales, Directora de Quadriz<a href=\"https:\/\/verra.org\/case-studies\/paraguays-corazon-verde\/\" target=\"_blank\" rel=\"noreferrer noopener\"><\/a><\/p>\n<\/blockquote>\n\n\n\n<p>Este caso demuestra c\u00f3mo alinear la conservaci\u00f3n de la naturaleza, el desarrollo social y los mecanismos de mercado puede tener un impacto positivo global y local, abriendo el camino para soluciones replicables frente al cambio clim\u00e1tico y la degradaci\u00f3n ambiental.<\/p>\n","protected":false},"excerpt":{"rendered":"<p>El proyecto REDD+ Coraz\u00f3n Verde del Chaco ha sido destacado recientemente como caso de estudio por VERRA, la organizaci\u00f3n l\u00edder global en la certificaci\u00f3n de cr\u00e9ditos de carbono a trav\u00e9s del Verified Carbon Standard (VCS). <\/p>\n","protected":false},"author":35,"featured_media":11900,"comment_status":"closed","ping_status":"closed","sticky":false,"template":"","format":"standard","meta":{"_acf_changed":false,"footnotes":""},"categories":[83,88,85,32],"tags":[],"class_list":["post-11167","post","type-post","status-publish","format-standard","has-post-thumbnail","hentry","category-compensaciones-de-carbono","category-mercados-de-carbono","category-noticias","category-soluciones-basadas-en-la-naturaleza"],"acf":[],"_links":{"self":[{"href":"https:\/\/quadriz.digitacomms.uk\/es\/wp-json\/wp\/v2\/posts\/11167","targetHints":{"allow":["GET"]}}],"collection":[{"href":"https:\/\/quadriz.digitacomms.uk\/es\/wp-json\/wp\/v2\/posts"}],"about":[{"href":"https:\/\/quadriz.digitacomms.uk\/es\/wp-json\/wp\/v2\/types\/post"}],"author":[{"embeddable":true,"href":"https:\/\/quadriz.digitacomms.uk\/es\/wp-json\/wp\/v2\/users\/35"}],"replies":[{"embeddable":true,"href":"https:\/\/quadriz.digitacomms.uk\/es\/wp-json\/wp\/v2\/comments?post=11167"}],"version-history":[{"count":0,"href":"https:\/\/quadriz.digitacomms.uk\/es\/wp-json\/wp\/v2\/posts\/11167\/revisions"}],"wp:featuredmedia":[{"embeddable":true,"href":"https:\/\/quadriz.digitacomms.uk\/es\/wp-json\/wp\/v2\/media\/11900"}],"wp:attachment":[{"href":"https:\/\/quadriz.digitacomms.uk\/es\/wp-json\/wp\/v2\/media?parent=11167"}],"wp:term":[{"taxonomy":"category","embeddable":true,"href":"https:\/\/quadriz.digitacomms.uk\/es\/wp-json\/wp\/v2\/categories?post=11167"},{"taxonomy":"post_tag","embeddable":true,"href":"https:\/\/quadriz.digitacomms.uk\/es\/wp-json\/wp\/v2\/tags?post=11167"}],"curies":[{"name":"wp","href":"https:\/\/api.w.org\/{rel}","templated":true}]}}